{"id":508,"date":"2010-10-01T17:41:04","date_gmt":"2010-10-01T17:41:04","guid":{"rendered":"http:\/\/blogue.uqam.ca\/mbanouvelles\/?p=508"},"modified":"2010-10-04T13:44:23","modified_gmt":"2010-10-04T13:44:23","slug":"cinq-diplomes-partagent-leur-experience-2","status":"publish","type":"post","link":"https:\/\/blogue.uqam.ca\/mbanouvelles\/2010\/10\/01\/cinq-diplomes-partagent-leur-experience-2\/","title":{"rendered":"Cinq diplom\u00e9s partagent leur exp\u00e9rience"},"content":{"rendered":"<p>Lors\u00a0de la s\u00e9ance d&rsquo;information du mardi\u00a05 octobre prochain, salle D-R200, 18 heures, cinq dipl\u00f4m\u00e9s du MBA pour cadres seront pr\u00e9sents afin de t\u00e9moigner de leur exp\u00e9rience au sein du programme. Voici un avant-go\u00fbt de ce qu\u2019ils veulent partager avec nos futur-es \u00e9tudiant-es\u00a0:<\/p>\n<p><em>\u00a0<\/em><\/p>\n<p style=\"text-align: right\"><em>\u00ab\u00a0J\u2019ai commenc\u00e9 le MBA pour le prestige du titre. Je l\u2019ai toutefois<br \/>\n<\/em><em>compl\u00e9t\u00e9 en raison de l\u2019audace et de l\u2019engagement que l\u2019ESG a su<br \/>\nm\u2019insuffler en cours de route.\u00a0\u00bb<\/em><\/p>\n<p style=\"text-align: right\"><strong><a href=\"http:\/\/blogue.uqam.ca\/mbanouvelles\/files\/2010\/10\/salut-diplom\u00e9.gif\"><img loading=\"lazy\" class=\"alignleft size-full wp-image-568\" src=\"http:\/\/blogue.uqam.ca\/mbanouvelles\/files\/2010\/10\/salut-diplom\u00e9.gif\" alt=\"\" width=\"90\" height=\"93\" \/><\/a>Benoit Desgroseillers, <\/strong>MBA, CRHA<br \/>\nCentre de gestion de carri\u00e8re ESG UQAM<br \/>\nDirecteur g\u00e9n\u00e9ral<br \/>\nT\u00e9l. : 514 987-7059<br \/>\nT\u00e9l\u00e9c. : 514 987-6180<br \/>\n<span style=\"text-decoration: underline\"><a href=\"mailto:desgroseillers.benoit@uqam.ca\">desgroseillers.benoit@uqam.ca<\/a><br \/>\n<\/span><a href=\"http:\/\/www.cgc.esg.uqam.ca\/\">www.cgc.esg.uqam.ca<\/a><\/p>\n<p style=\"text-align: left\"><em>\u00a0<\/em><\/p>\n<p style=\"text-align: left\"><em>\u00abAvec MBA sur ma carte d&rsquo;affaires, le doute a disparu dans<br \/>\n<\/em><em>\u00a0les <\/em><em>yeux de mes clients.\u00a0 Si c&rsquo;\u00e9tait le seul avantage du MBA,<br \/>\nce serait d\u00e9j\u00e0 \u00e9norme, mais il y a bien plus encore.\u00a0\u00bb<br \/>\n<\/em><strong><br \/>\nFernand Campbell<\/strong>, MBA Adm. A CMC<br \/>\nMANAGIA inc.<br \/>\nConsultation en management et marketing<br \/>\nPr\u00e9sident<br \/>\n<a href=\"http:\/\/www.managia.ca\/\">www.managia.ca<\/a><\/p>\n<p style=\"text-align: left\">\u00a0<\/p>\n<p style=\"text-align: right\"><em>\u00abIntensit\u00e9, interactivit\u00e9, sentiment profond d\u2019accomplissement<br \/>\npersonnel. Un engagement de deux ans et demi, mais un<br \/>\ninvestissement pour la vie.\u00bb<\/em><\/p>\n<p style=\"text-align: right\"><strong>\u00a0Marc Laforge<\/strong><br \/>\n<a href=\"http:\/\/www.linkedin.com\/profile\/edit?id=59723722\">http:\/\/www.linkedin.com\/profile\/edit?id=59723722<\/a><\/p>\n<p><em>\u00a0<\/em><\/p>\n<p><em>\u00ab\u00a0Le MBA m&rsquo;a permis de d\u00e9velopper ma fibre entrepreneuriale<a href=\"http:\/\/blogue.uqam.ca\/mbanouvelles\/files\/2010\/10\/social-network.jpg\"><img loading=\"lazy\" class=\"alignright size-medium wp-image-573\" src=\"http:\/\/blogue.uqam.ca\/mbanouvelles\/files\/2010\/10\/social-network-300x225.jpg\" alt=\"\" width=\"152\" height=\"91\" \/><\/a><br \/>\net d&rsquo;\u00e9largir mes horizons, mais aussi de me cr\u00e9er un nouveau<br \/>\nr\u00e9seau qui me suivra toute ma carri\u00e8re.\u00a0\u00bb<\/em><\/p>\n<p><strong>Vincent Roy<\/strong><br \/>\nPharmacien-propri\u00e9taire affili\u00e9 \u00e0 Pharmaprix<br \/>\n<a href=\"http:\/\/www.pharmaprix.ca\/\">www.pharmaprix.ca<\/a><br \/>\n<a href=\"http:\/\/blogue.uqam.ca\/mbanouvelles\/files\/2010\/10\/BLANC.gif\"><img loading=\"lazy\" class=\"alignleft size-full wp-image-550\" src=\"http:\/\/blogue.uqam.ca\/mbanouvelles\/files\/2010\/10\/BLANC.gif\" alt=\"\" width=\"873\" height=\"49\" \/><\/a><\/p>\n<p><a href=\"http:\/\/blogue.uqam.ca\/mbanouvelles\/files\/2010\/10\/BLANC.gif\"><\/a><\/p>\n<p style=\"text-align: right\"><em>\u201cL&rsquo;exp\u00e9rience acquise \u00e0 travers les innombrables \u00e9changes entre des professeurs<br \/>\n\u00a0et \u00abdes\u00a0Managers, des vrais\u00bb, du programme MBA pourcadres\u00a0de l&rsquo;ESG-UQAM a<br \/>\njou\u00e9 un r\u00f4le incontestable et primordial dans la mise sur pied et le financement<br \/>\nde mon entreprise pionni\u00e8re.\u00a0\u00a0En effet, ZERO8 a lanc\u00e9 le tout premier restaurant<br \/>\nhypoallerg\u00e9nique en Am\u00e9rique du Nord et profite d\u00e9j\u00e0 des strat\u00e9gies de croissan-<br \/>\nces \u00e9tudi\u00e9es dans le cadre du programme. \u00a0Merci \u00e0 l&rsquo;ESG-UQAM!\u00a0\u00bb<\/em><\/p>\n<p style=\"text-align: right\"><strong>Dominique Dion<br \/>\n<\/strong>Pr\u00e9sident<br \/>\nAlimentation ZERO8 inc.<br \/>\n<a href=\"http:\/\/www.zero8.com\">http:\/\/www.zero8.com<\/a><\/p>\n<p style=\"text-align: right\">\u00a0<\/p>\n","protected":false},"excerpt":{"rendered":"<p>Lors\u00a0de la s\u00e9ance d&rsquo;information du mardi\u00a05 octobre prochain, salle D-R200, 18 heures, cinq dipl\u00f4m\u00e9s du MBA pour cadres seront pr\u00e9sents afin de t\u00e9moigner de leur exp\u00e9rience au sein du programme. Voici un avant-go\u00fbt de ce qu\u2019ils veulent partager avec nos futur-es \u00e9tudiant-es\u00a0: \u00a0 \u00ab\u00a0J\u2019ai commenc\u00e9 le MBA pour le prestige du titre. Je l\u2019ai toutefois [&hellip;]<\/p>\n","protected":false},"author":277,"featured_media":0,"comment_status":"open","ping_status":"open","sticky":false,"template":"","format":"standard","meta":[],"categories":[3,4],"tags":[],"_links":{"self":[{"href":"https:\/\/blogue.uqam.ca\/mbanouvelles\/wp-json\/wp\/v2\/posts\/508"}],"collection":[{"href":"https:\/\/blogue.uqam.ca\/mbanouvelles\/wp-json\/wp\/v2\/posts"}],"about":[{"href":"https:\/\/blogue.uqam.ca\/mbanouvelles\/wp-json\/wp\/v2\/types\/post"}],"author":[{"embeddable":true,"href":"https:\/\/blogue.uqam.ca\/mbanouvelles\/wp-json\/wp\/v2\/users\/277"}],"replies":[{"embeddable":true,"href":"https:\/\/blogue.uqam.ca\/mbanouvelles\/wp-json\/wp\/v2\/comments?post=508"}],"version-history":[{"count":5,"href":"https:\/\/blogue.uqam.ca\/mbanouvelles\/wp-json\/wp\/v2\/posts\/508\/revisions"}],"predecessor-version":[{"id":584,"href":"https:\/\/blogue.uqam.ca\/mbanouvelles\/wp-json\/wp\/v2\/posts\/508\/revisions\/584"}],"wp:attachment":[{"href":"https:\/\/blogue.uqam.ca\/mbanouvelles\/wp-json\/wp\/v2\/media?parent=508"}],"wp:term":[{"taxonomy":"category","embeddable":true,"href":"https:\/\/blogue.uqam.ca\/mbanouvelles\/wp-json\/wp\/v2\/categories?post=508"},{"taxonomy":"post_tag","embeddable":true,"href":"https:\/\/blogue.uqam.ca\/mbanouvelles\/wp-json\/wp\/v2\/tags?post=508"}],"curies":[{"name":"wp","href":"https:\/\/api.w.org\/{rel}","templated":true}]}}